{"id":1509,"date":"2014-12-30T14:25:48","date_gmt":"2014-12-30T14:25:48","guid":{"rendered":"http:\/\/saetasdealmeria.portaldelaspalmas.com\/?p=1509"},"modified":"2014-12-30T14:29:46","modified_gmt":"2014-12-30T14:29:46","slug":"el-nino-de-las-cuevas-a-la-soledad-audio-2014","status":"publish","type":"post","link":"http:\/\/saetasdealmeria.portaldegrancanaria.com\/?p=1509","title":{"rendered":"El Ni\u00f1o de las Cuevas a la Soledad | Audio 2014"},"content":{"rendered":"<p>&nbsp;<\/p>\n<p><a href=\"http:\/\/saetasdealmeria.portaldelaspalmas.com\/wp-content\/uploads\/2014\/10\/Nino-de-las-Cuevas-2014-1.jpg\"><img loading=\"lazy\" decoding=\"async\" class=\"aligncenter wp-image-1080 size-full\" src=\"http:\/\/saetasdealmeria.portaldelaspalmas.com\/wp-content\/uploads\/2014\/10\/Nino-de-las-Cuevas-2014-1.jpg\" alt=\"\" width=\"625\" height=\"625\" srcset=\"http:\/\/saetasdealmeria.portaldegrancanaria.com\/wp-content\/uploads\/2014\/10\/Nino-de-las-Cuevas-2014-1.jpg 625w, http:\/\/saetasdealmeria.portaldegrancanaria.com\/wp-content\/uploads\/2014\/10\/Nino-de-las-Cuevas-2014-1-150x150.jpg 150w, http:\/\/saetasdealmeria.portaldegrancanaria.com\/wp-content\/uploads\/2014\/10\/Nino-de-las-Cuevas-2014-1-300x300.jpg 300w, http:\/\/saetasdealmeria.portaldegrancanaria.com\/wp-content\/uploads\/2014\/10\/Nino-de-las-Cuevas-2014-1-400x400.jpg 400w\" sizes=\"auto, (max-width: 625px) 100vw, 625px\" \/><\/a><\/p>\n<p style=\"text-align: justify;\">Antonio Francisco Garc\u00eda Rodr\u00edguez, guitarrista y cantaor payo, \u00a0m\u00e1s conocido en el mundo del arte flamenco con el nombre art\u00edstico del Ni\u00f1o de las Cuevas, naci\u00f3 en Almer\u00eda, en el barrio de Las Cuevas de Los Medinas el d\u00eda 15 de Abril del a\u00f1o de \u00a01.957. Su forma de acompa\u00f1ar se caracteriza por ser cl\u00e1sica, sin alardes, haciendo prevalecer el cante como elemento principal del espect\u00e1culo. \u00c9ste es el motivo por el que muchos aficionados almerienses prefieren hacerse acompa\u00f1ar por el Ni\u00f1o de las Cuevas. Antonio, es por encima de guitarrista un gran aficionado al cante. De ah\u00ed que cultive su faceta como cantaor, en la que hay que denotar gran conocimiento y sobriedad.<\/p>\n<blockquote><p>&nbsp;<\/p>\n<p>El Ni\u00f1o de las Cuevas es un &#8216;trabajador del flamenco&#8217;\u00a0 pero entendiendo este t\u00e9rmino como disponibilidad, generosidad y afici\u00f3n.<\/p><\/blockquote>\n<p style=\"text-align: justify;\">Prueba de ello es que ha recibido varias distinciones y reconocimientos de aquellas organizaciones en las que ha colaborado durante muchos a\u00f1os de forma desinteresada, exclusivamente movido por su afici\u00f3n al flamenco. Ha acompa\u00f1ado entre otros a Jos\u00e9 Sorroche, Juan G\u00f3mez, Antonio Mart\u00edn, Paco &#8216;el Mellizo&#8217;, Antonia L\u00f3pez, Luis &#8216;el de la Venta&#8217;, Roc\u00edo Segura, Alfredo Arr\u00e9vola, Itoli de los Palacio, Paco Moya, Agujetas, Joaqu\u00edn Garrido, Trinidad, Manolo Sim\u00f3n, Marcelo Sousa, Jos\u00e9 Parrondo, Antonio Ranchal, El Perro de Paterna, El Polaco, El Bolo, Andr\u00e9s Lozano, Rafael Mu\u00f1oz, Rafael L\u00f3pez y Chano Lobato.<\/p>\n<p style=\"text-align: justify;\">Entre sus muchas actuaciones, cabe destacar : Participaci\u00f3n en un encuentro iberoamericano en Cuba, acompa\u00f1ando a Roc\u00edo Segura, en 1998. En 2000 realiz\u00f3 dos conciertos en la Embajada Espa\u00f1ola en ALMATY (Republica de Kazachtan). En 2002 realiz\u00f3 tres conciertos en la Embajada Espa\u00f1ola en Teheran (Iran) Participaci\u00f3n como guitarrista en la pel\u00edcula Contra el viento con Antonio Banderas, Rosario Flores y Emma Su\u00e1rez. Participaci\u00f3n en diversos programas de TV: TVE, Canal Sur y Televisiones locales en Almer\u00eda. Actualmente realiza un programa de flamenco semanal en la radio local A.C.L. de la Excma. Diputacion Provincial de Almer\u00eda y colabora con la Cadena SER, en un programa semanal sobre flamenco, explicando, tocando y cantando los distintos estilos del flamenco. En el a\u00f1o 2003 ha participado en la grabaci\u00f3n del disco \u201cMemoria y luz\u201d de Jos\u00e9 Sorroche y en el a\u00f1o 2004 ha recibido varios homenajes como saetero por parte de distintas instituciones de Almer\u00eda.<\/p>\n<p>Manuel Campos<\/p>\n<p style=\"text-align: right;\"><em>(Fuente: <a href=\"http:\/\/elcantejondo.blogspot.com.es\/2014\/02\/la-guitarra-flamenca-antonio-francisco.html\" target=\"_blank\">elcantejondo.blogspot.com.es<\/a>)<\/em><\/p>\n","protected":false},"excerpt":{"rendered":"<p>La voz personal\u00edsima de Antonia L\u00f3pez nos muestra los matices que se pueden desplegar a simple voz de saeta.<\/p>\n","protected":false},"author":1,"featured_media":1080,"comment_status":"closed","ping_status":"closed","sticky":false,"template":"","format":"audio","meta":{"footnotes":""},"categories":[141,143,131],"tags":[98],"class_list":["post-1509","post","type-post","status-publish","format-audio","has-post-thumbnail","hentry","category-audio","category-el-nino-de-las-cuevas","category-semana-santa-2014","tag-el-gran-poder","post_format-post-format-audio"],"_links":{"self":[{"href":"http:\/\/saetasdealmeria.portaldegrancanaria.com\/index.php?rest_route=\/wp\/v2\/posts\/1509","targetHints":{"allow":["GET"]}}],"collection":[{"href":"http:\/\/saetasdealmeria.portaldegrancanaria.com\/index.php?rest_route=\/wp\/v2\/posts"}],"about":[{"href":"http:\/\/saetasdealmeria.portaldegrancanaria.com\/index.php?rest_route=\/wp\/v2\/types\/post"}],"author":[{"embeddable":true,"href":"http:\/\/saetasdealmeria.portaldegrancanaria.com\/index.php?rest_route=\/wp\/v2\/users\/1"}],"replies":[{"embeddable":true,"href":"http:\/\/saetasdealmeria.portaldegrancanaria.com\/index.php?rest_route=%2Fwp%2Fv2%2Fcomments&post=1509"}],"version-history":[{"count":2,"href":"http:\/\/saetasdealmeria.portaldegrancanaria.com\/index.php?rest_route=\/wp\/v2\/posts\/1509\/revisions"}],"predecessor-version":[{"id":1513,"href":"http:\/\/saetasdealmeria.portaldegrancanaria.com\/index.php?rest_route=\/wp\/v2\/posts\/1509\/revisions\/1513"}],"wp:featuredmedia":[{"embeddable":true,"href":"http:\/\/saetasdealmeria.portaldegrancanaria.com\/index.php?rest_route=\/wp\/v2\/media\/1080"}],"wp:attachment":[{"href":"http:\/\/saetasdealmeria.portaldegrancanaria.com\/index.php?rest_route=%2Fwp%2Fv2%2Fmedia&parent=1509"}],"wp:term":[{"taxonomy":"category","embeddable":true,"href":"http:\/\/saetasdealmeria.portaldegrancanaria.com\/index.php?rest_route=%2Fwp%2Fv2%2Fcategories&post=1509"},{"taxonomy":"post_tag","embeddable":true,"href":"http:\/\/saetasdealmeria.portaldegrancanaria.com\/index.php?rest_route=%2Fwp%2Fv2%2Ftags&post=1509"}],"curies":[{"name":"wp","href":"https:\/\/api.w.org\/{rel}","templated":true}]}}