{"id":3000,"date":"2018-03-25T10:35:39","date_gmt":"2018-03-25T10:35:39","guid":{"rendered":"http:\/\/saetasdealmeria.portaldegrancanaria.com\/?p=3000"},"modified":"2018-03-25T10:35:39","modified_gmt":"2018-03-25T10:35:39","slug":"banda-sinfonica-municipal-almeria-musica-sacra-2018","status":"publish","type":"post","link":"http:\/\/saetasdealmeria.portaldegrancanaria.com\/?p=3000","title":{"rendered":"Banda Sinf\u00f3nica Municipal de Almer\u00eda | M\u00fasica Sacra 2018"},"content":{"rendered":"<p>En el marco del Ciclo de M\u00fasica Sacra y dentro del Homenaje a la Saeta, la Banda Sinf\u00f3nica Municipal de Almer\u00eda dirigida por Antonio L\u00f3pez Carre\u00f1o interpret\u00f3 diversas partituras.<\/p>\n<p>&nbsp;<\/p>\n<p>&nbsp;<\/p>\n<p><img loading=\"lazy\" decoding=\"async\" class=\"aligncenter size-full wp-image-2179\" src=\"http:\/\/saetasdealmeria.portaldegrancanaria.com\/wp-content\/uploads\/2015\/03\/png-Menu-Divider-941-claro-star.png\" alt=\"png-Menu-Divider-941-claro-star\" width=\"941\" height=\"22\" srcset=\"http:\/\/saetasdealmeria.portaldegrancanaria.com\/wp-content\/uploads\/2015\/03\/png-Menu-Divider-941-claro-star.png 941w, http:\/\/saetasdealmeria.portaldegrancanaria.com\/wp-content\/uploads\/2015\/03\/png-Menu-Divider-941-claro-star-300x7.png 300w\" sizes=\"auto, (max-width: 941px) 100vw, 941px\" \/><\/p>\n<p>&nbsp;<\/p>\n","protected":false},"excerpt":{"rendered":"<p>En el marco del Ciclo de M\u00fasica Sacra y dentro del Homenaje a la Saeta, la Banda Sinf\u00f3nica Municipal de Almer\u00eda dirigida por Antonio L\u00f3pez Carre\u00f1o interpret\u00f3 diversas partituras.<\/p>\n","protected":false},"author":1,"featured_media":3002,"comment_status":"closed","ping_status":"closed","sticky":false,"template":"","format":"video","meta":{"footnotes":""},"categories":[137,224],"tags":[],"class_list":["post-3000","post","type-post","status-publish","format-video","has-post-thumbnail","hentry","category-conciertos","category-semana-santa-2018","post_format-post-format-video"],"_links":{"self":[{"href":"http:\/\/saetasdealmeria.portaldegrancanaria.com\/index.php?rest_route=\/wp\/v2\/posts\/3000","targetHints":{"allow":["GET"]}}],"collection":[{"href":"http:\/\/saetasdealmeria.portaldegrancanaria.com\/index.php?rest_route=\/wp\/v2\/posts"}],"about":[{"href":"http:\/\/saetasdealmeria.portaldegrancanaria.com\/index.php?rest_route=\/wp\/v2\/types\/post"}],"author":[{"embeddable":true,"href":"http:\/\/saetasdealmeria.portaldegrancanaria.com\/index.php?rest_route=\/wp\/v2\/users\/1"}],"replies":[{"embeddable":true,"href":"http:\/\/saetasdealmeria.portaldegrancanaria.com\/index.php?rest_route=%2Fwp%2Fv2%2Fcomments&post=3000"}],"version-history":[{"count":2,"href":"http:\/\/saetasdealmeria.portaldegrancanaria.com\/index.php?rest_route=\/wp\/v2\/posts\/3000\/revisions"}],"predecessor-version":[{"id":3003,"href":"http:\/\/saetasdealmeria.portaldegrancanaria.com\/index.php?rest_route=\/wp\/v2\/posts\/3000\/revisions\/3003"}],"wp:featuredmedia":[{"embeddable":true,"href":"http:\/\/saetasdealmeria.portaldegrancanaria.com\/index.php?rest_route=\/wp\/v2\/media\/3002"}],"wp:attachment":[{"href":"http:\/\/saetasdealmeria.portaldegrancanaria.com\/index.php?rest_route=%2Fwp%2Fv2%2Fmedia&parent=3000"}],"wp:term":[{"taxonomy":"category","embeddable":true,"href":"http:\/\/saetasdealmeria.portaldegrancanaria.com\/index.php?rest_route=%2Fwp%2Fv2%2Fcategories&post=3000"},{"taxonomy":"post_tag","embeddable":true,"href":"http:\/\/saetasdealmeria.portaldegrancanaria.com\/index.php?rest_route=%2Fwp%2Fv2%2Ftags&post=3000"}],"curies":[{"name":"wp","href":"https:\/\/api.w.org\/{rel}","templated":true}]}}