{"id":3675,"date":"2023-04-02T17:34:50","date_gmt":"2023-04-02T17:34:50","guid":{"rendered":"http:\/\/saetasdealmeria.portaldegrancanaria.com\/?p=3675"},"modified":"2023-04-02T17:43:56","modified_gmt":"2023-04-02T17:43:56","slug":"recuerdos-dos-anos-sin-saetas","status":"publish","type":"post","link":"http:\/\/saetasdealmeria.portaldegrancanaria.com\/?p=3675","title":{"rendered":"Recuerdos: dos a\u00f1os sin saetas"},"content":{"rendered":"<h3>Tras dos interminables a\u00f1os de ausencia, hace tan solo un\u00a0 a\u00f1o, la Semana Santa regresaba a las calles de Almer\u00eda<\/h3>\n<h5>Video promocional de Semana Santa 2020 del Excmo. Ayuntamiento de Almer\u00eda<\/h5>\n<p>Los balcones y las calles de Almer\u00eda, vac\u00edos en Semana Santa. Con el inicio de la primavera del a\u00f1o 2022 parece que el final de este largo per\u00edodo de recogimiento llegaba a su fin. Las cofrad\u00edas y hermandades se preparaban ya para salir. Fueron dos a\u00f1os duros, pero por fin la belleza, el sentimiento y la religiosidad de los pasos procesionales, volver\u00edan a recorrer las calles de Almer\u00eda para que todos particip\u00e1ramos un a\u00f1o m\u00e1s. Se acercaba por fin, la Semana Santa.<\/p>\n","protected":false},"excerpt":{"rendered":"<p>Tras dos interminables a\u00f1os de ausencia, la Semana Santa regresa a las calles de Almer\u00eda.<\/p>\n","protected":false},"author":1,"featured_media":3681,"comment_status":"closed","ping_status":"closed","sticky":false,"template":"","format":"video","meta":{"footnotes":""},"categories":[193],"tags":[],"class_list":["post-3675","post","type-post","status-publish","format-video","has-post-thumbnail","hentry","category-anecdotas","post_format-post-format-video"],"_links":{"self":[{"href":"http:\/\/saetasdealmeria.portaldegrancanaria.com\/index.php?rest_route=\/wp\/v2\/posts\/3675","targetHints":{"allow":["GET"]}}],"collection":[{"href":"http:\/\/saetasdealmeria.portaldegrancanaria.com\/index.php?rest_route=\/wp\/v2\/posts"}],"about":[{"href":"http:\/\/saetasdealmeria.portaldegrancanaria.com\/index.php?rest_route=\/wp\/v2\/types\/post"}],"author":[{"embeddable":true,"href":"http:\/\/saetasdealmeria.portaldegrancanaria.com\/index.php?rest_route=\/wp\/v2\/users\/1"}],"replies":[{"embeddable":true,"href":"http:\/\/saetasdealmeria.portaldegrancanaria.com\/index.php?rest_route=%2Fwp%2Fv2%2Fcomments&post=3675"}],"version-history":[{"count":3,"href":"http:\/\/saetasdealmeria.portaldegrancanaria.com\/index.php?rest_route=\/wp\/v2\/posts\/3675\/revisions"}],"predecessor-version":[{"id":3682,"href":"http:\/\/saetasdealmeria.portaldegrancanaria.com\/index.php?rest_route=\/wp\/v2\/posts\/3675\/revisions\/3682"}],"wp:featuredmedia":[{"embeddable":true,"href":"http:\/\/saetasdealmeria.portaldegrancanaria.com\/index.php?rest_route=\/wp\/v2\/media\/3681"}],"wp:attachment":[{"href":"http:\/\/saetasdealmeria.portaldegrancanaria.com\/index.php?rest_route=%2Fwp%2Fv2%2Fmedia&parent=3675"}],"wp:term":[{"taxonomy":"category","embeddable":true,"href":"http:\/\/saetasdealmeria.portaldegrancanaria.com\/index.php?rest_route=%2Fwp%2Fv2%2Fcategories&post=3675"},{"taxonomy":"post_tag","embeddable":true,"href":"http:\/\/saetasdealmeria.portaldegrancanaria.com\/index.php?rest_route=%2Fwp%2Fv2%2Ftags&post=3675"}],"curies":[{"name":"wp","href":"https:\/\/api.w.org\/{rel}","templated":true}]}}