{"id":3751,"date":"2023-04-11T07:54:45","date_gmt":"2023-04-11T07:54:45","guid":{"rendered":"http:\/\/saetasdealmeria.portaldegrancanaria.com\/?p=3751"},"modified":"2023-04-11T07:58:53","modified_gmt":"2023-04-11T07:58:53","slug":"banda-velez-malaga-acompanando-al-misterio-la-cofradia-la-estrella-2023","status":"publish","type":"post","link":"http:\/\/saetasdealmeria.portaldegrancanaria.com\/?p=3751","title":{"rendered":"Banda de V\u00e9lez M\u00e1laga acompa\u00f1ando al Misterio de la Cofrad\u00eda de la Estrella | 2023"},"content":{"rendered":"<h3>La Banda de V\u00e9lez-M\u00e1laga, acompa\u00f1a\u00a0 al Misterio de la Cofrad\u00eda de la Estrella, el d\u00eda 2 de abril de 2023<\/h3>\n<p>&nbsp;<\/p>\n<p>Al paso por la calle Navarro Rodrigo, Diputaci\u00f3n Provincial de Almer\u00eda, la Banda de V\u00e9lez-M\u00e1laga acompa\u00f1a con su m\u00fasica al Misterio de la Cofrad\u00eda de La Estrella, el d\u00eda 2 de abril de 2023<\/p>\n<p>&nbsp;<\/p>\n<p><img loading=\"lazy\" decoding=\"async\" class=\"aligncenter size-full wp-image-2179\" src=\"http:\/\/saetasdealmeria.portaldegrancanaria.com\/wp-content\/uploads\/2023\/04\/PSD-Menu-Divider-941-claro-saetas.png\" width=\"941\" height=\"22\" \/><\/p>\n<p>&nbsp;<\/p>\n","protected":false},"excerpt":{"rendered":"<p>La Banda de V\u00e9lez-M\u00e1laga, acompa\u00f1a  al Misterio de la Cofrad\u00eda de la Estrella, en la Semana Santa 2023 de Almer\u00eda<\/p>\n","protected":false},"author":1,"featured_media":3752,"comment_status":"closed","ping_status":"closed","sticky":false,"template":"","format":"video","meta":{"footnotes":""},"categories":[193,256,255],"tags":[],"class_list":["post-3751","post","type-post","status-publish","format-video","has-post-thumbnail","hentry","category-anecdotas","category-bandas-musicales","category-semana-santa-2023","post_format-post-format-video"],"_links":{"self":[{"href":"http:\/\/saetasdealmeria.portaldegrancanaria.com\/index.php?rest_route=\/wp\/v2\/posts\/3751","targetHints":{"allow":["GET"]}}],"collection":[{"href":"http:\/\/saetasdealmeria.portaldegrancanaria.com\/index.php?rest_route=\/wp\/v2\/posts"}],"about":[{"href":"http:\/\/saetasdealmeria.portaldegrancanaria.com\/index.php?rest_route=\/wp\/v2\/types\/post"}],"author":[{"embeddable":true,"href":"http:\/\/saetasdealmeria.portaldegrancanaria.com\/index.php?rest_route=\/wp\/v2\/users\/1"}],"replies":[{"embeddable":true,"href":"http:\/\/saetasdealmeria.portaldegrancanaria.com\/index.php?rest_route=%2Fwp%2Fv2%2Fcomments&post=3751"}],"version-history":[{"count":1,"href":"http:\/\/saetasdealmeria.portaldegrancanaria.com\/index.php?rest_route=\/wp\/v2\/posts\/3751\/revisions"}],"predecessor-version":[{"id":3753,"href":"http:\/\/saetasdealmeria.portaldegrancanaria.com\/index.php?rest_route=\/wp\/v2\/posts\/3751\/revisions\/3753"}],"wp:featuredmedia":[{"embeddable":true,"href":"http:\/\/saetasdealmeria.portaldegrancanaria.com\/index.php?rest_route=\/wp\/v2\/media\/3752"}],"wp:attachment":[{"href":"http:\/\/saetasdealmeria.portaldegrancanaria.com\/index.php?rest_route=%2Fwp%2Fv2%2Fmedia&parent=3751"}],"wp:term":[{"taxonomy":"category","embeddable":true,"href":"http:\/\/saetasdealmeria.portaldegrancanaria.com\/index.php?rest_route=%2Fwp%2Fv2%2Fcategories&post=3751"},{"taxonomy":"post_tag","embeddable":true,"href":"http:\/\/saetasdealmeria.portaldegrancanaria.com\/index.php?rest_route=%2Fwp%2Fv2%2Ftags&post=3751"}],"curies":[{"name":"wp","href":"https:\/\/api.w.org\/{rel}","templated":true}]}}